{"id":15945,"date":"2024-03-04T09:36:48","date_gmt":"2024-03-04T08:36:48","guid":{"rendered":"http:\/\/www.velikaplanina.si\/2024\/03\/04\/cablecar-and-chairlift-timetable\/"},"modified":"2024-03-04T09:38:05","modified_gmt":"2024-03-04T08:38:05","slug":"cablecar-and-chairlift-timetable","status":"publish","type":"post","link":"https:\/\/www.velikaplanina.si\/en\/2024\/03\/04\/cablecar-and-chairlift-timetable\/","title":{"rendered":"Cablecar and chairlift timetable"},"content":{"rendered":"\n<figure class=\"wp-block-table\"><table><tbody><tr><td><strong>Dan\/day<\/strong><\/td><td><strong>NIHALKA\u00a0\u00a0 | CABLECAR<\/strong><\/td><td><strong>SEDE\u017dNICA | CHAIRLIFT<\/strong><\/td><\/tr><tr><td>Ponedeljek | Monday<\/td><td>8:00, 9:00, 10:00, 12:00, 14:00, 16:00<\/td><td>8:30, 10:30, 11:30, 12:30, 14:30, 15:30<br\/>(\u0161estkrat dnevno \/ six times a day)<\/td><\/tr><tr><td>Torek | Tuesday<\/td><td>8:00, 9:00, 10:00, 12:00, 14:00, 16:00<\/td><td>8:30, 10:30, 11:30, 12:30, 14:30, 15:30<br\/>(\u0161estkrat dnevno \/ six times a day)<\/td><\/tr><tr><td>Sreda | Wednesday<\/td><td>8:00, 9:00, 10:00, 12:00, 14:00, 16:00<\/td><td>8:30, 10:30, 11:30, 12:30, 14:30, 15:30<br\/>(\u0161estkrat dnevno \/ six times a day)<\/td><\/tr><tr><td>\u010cetrtek | Thursday<\/td><td>8:00, 9:00, 10:00, 12:00, 14:00, 16:00<\/td><td>8:30, 10:30, 11:30, 12:30, 14:30, 15:30<br\/>(\u0161estkrat dnevno \/ six times a day)<\/td><\/tr><tr><td>Petek | Friday<\/td><td>8:00 &#8211; 18:00<br\/>(vsako polno uro\/every full hour)<\/td><td>8:30 &#8211; 17:15<\/td><\/tr><tr><td>Sobota |Saturday<\/td><td>8:00 \u2013 17:00<br\/>(vsako polno uro\/every full hour)<\/td><td>8:30 &#8211; 16:15<\/td><\/tr><tr><td>Nedelja, prazniki, po\u010ditnice | Sunday, Holidays*<\/td><td>8:00 \u2013 17:00<br\/>(vsako polno uro\/every full hour)<\/td><td>8:30 &#8211; 16:15<\/td><\/tr><\/tbody><\/table><\/figure>\n<p>*V \u010dasu praznikov, \u0161olskih po\u010ditnic in obratovanja smu\u010di\u0161\u010da, je vozni red enak nedeljskemu voznemu redu. Blagajna na spodnji postaji nihalke je odprta v \u010dasu obratovanja nihalke. \/ During national slovenian holidays, school holidays and skiing season, timetable is the same as on Sunday. Ticket office is open during cablecar operating.<\/p>\n","protected":false},"excerpt":{"rendered":"<p>Dan\/day NIHALKA\u00a0\u00a0 | CABLECAR SEDE\u017dNICA | CHAIRLIFT Ponedeljek | Monday 8:00, 9:00, 10:00, 12:00, 14:00, 16:00 8:30, 10:30, 11:30, 12:30, 14:30, 15:30(\u0161estkrat dnevno \/ six times a day) Torek | Tuesday 8:00, 9:00, 10:00, 12:00, 14:00, 16:00 8:30, 10:30, 11:30, 12:30, 14:30, 15:30(\u0161estkrat dnevno \/ six times a day) Sreda | Wednesday 8:00, 9:00, 10:00,&hellip;<\/p>\n","protected":false},"author":2,"featured_media":15939,"comment_status":"closed","ping_status":"open","sticky":false,"template":"","format":"standard","meta":{"footnotes":""},"categories":[29],"tags":[],"class_list":["post-15945","post","type-post","status-publish","format-standard","has-post-thumbnail","hentry","category-news","category-29","description-off"],"yoast_head":"<!-- This site is optimized with the Yoast SEO plugin v23.9 - https:\/\/yoast.com\/wordpress\/plugins\/seo\/ -->\n<title>Cablecar and chairlift timetable - Velika planina<\/title>\n<meta name=\"robots\" content=\"index, follow, max-snippet:-1, max-image-preview:large, max-video-preview:-1\" \/>\n<link rel=\"canonical\" href=\"https:\/\/www.velikaplanina.si\/en\/2024\/03\/04\/cablecar-and-chairlift-timetable\/\" \/>\n<meta property=\"og:locale\" content=\"en_US\" \/>\n<meta property=\"og:type\" content=\"article\" \/>\n<meta property=\"og:title\" content=\"Cablecar and chairlift timetable - Velika planina\" \/>\n<meta property=\"og:description\" content=\"Dan\/day NIHALKA\u00a0\u00a0 | CABLECAR SEDE\u017dNICA | CHAIRLIFT Ponedeljek | Monday 8:00, 9:00, 10:00, 12:00, 14:00, 16:00 8:30, 10:30, 11:30, 12:30, 14:30, 15:30(\u0161estkrat dnevno \/ six times a day) Torek | Tuesday 8:00, 9:00, 10:00, 12:00, 14:00, 16:00 8:30, 10:30, 11:30, 12:30, 14:30, 15:30(\u0161estkrat dnevno \/ six times a day) Sreda | Wednesday 8:00, 9:00, 10:00,&hellip;\" \/>\n<meta property=\"og:url\" content=\"https:\/\/www.velikaplanina.si\/en\/2024\/03\/04\/cablecar-and-chairlift-timetable\/\" \/>\n<meta property=\"og:site_name\" content=\"Velika planina\" \/>\n<meta property=\"article:published_time\" content=\"2024-03-04T08:36:48+00:00\" \/>\n<meta property=\"article:modified_time\" content=\"2024-03-04T08:38:05+00:00\" \/>\n<meta property=\"og:image\" content=\"https:\/\/www.velikaplanina.si\/wp-content\/uploads\/2024\/03\/1000px.jpg\" \/>\n\t<meta property=\"og:image:width\" content=\"1000\" \/>\n\t<meta property=\"og:image:height\" content=\"668\" \/>\n\t<meta property=\"og:image:type\" content=\"image\/jpeg\" \/>\n<meta name=\"author\" content=\"Taja Brinovec\" \/>\n<meta name=\"twitter:card\" content=\"summary_large_image\" \/>\n<meta name=\"twitter:label1\" content=\"Written by\" \/>\n\t<meta name=\"twitter:data1\" content=\"Taja Brinovec\" \/>\n\t<meta name=\"twitter:label2\" content=\"Est. reading time\" \/>\n\t<meta name=\"twitter:data2\" content=\"1 minute\" \/>\n<script type=\"application\/ld+json\" class=\"yoast-schema-graph\">{\"@context\":\"https:\/\/schema.org\",\"@graph\":[{\"@type\":\"WebPage\",\"@id\":\"https:\/\/www.velikaplanina.si\/en\/2024\/03\/04\/cablecar-and-chairlift-timetable\/\",\"url\":\"https:\/\/www.velikaplanina.si\/en\/2024\/03\/04\/cablecar-and-chairlift-timetable\/\",\"name\":\"Cablecar and chairlift timetable - Velika planina\",\"isPartOf\":{\"@id\":\"https:\/\/www.velikaplanina.si\/en\/#website\"},\"primaryImageOfPage\":{\"@id\":\"https:\/\/www.velikaplanina.si\/en\/2024\/03\/04\/cablecar-and-chairlift-timetable\/#primaryimage\"},\"image\":{\"@id\":\"https:\/\/www.velikaplanina.si\/en\/2024\/03\/04\/cablecar-and-chairlift-timetable\/#primaryimage\"},\"thumbnailUrl\":\"https:\/\/www.velikaplanina.si\/wp-content\/uploads\/2024\/03\/1000px.jpg\",\"datePublished\":\"2024-03-04T08:36:48+00:00\",\"dateModified\":\"2024-03-04T08:38:05+00:00\",\"author\":{\"@id\":\"https:\/\/www.velikaplanina.si\/en\/#\/schema\/person\/0be0974caa997dd8b3dcb309811a4aad\"},\"breadcrumb\":{\"@id\":\"https:\/\/www.velikaplanina.si\/en\/2024\/03\/04\/cablecar-and-chairlift-timetable\/#breadcrumb\"},\"inLanguage\":\"en-US\",\"potentialAction\":[{\"@type\":\"ReadAction\",\"target\":[\"https:\/\/www.velikaplanina.si\/en\/2024\/03\/04\/cablecar-and-chairlift-timetable\/\"]}]},{\"@type\":\"ImageObject\",\"inLanguage\":\"en-US\",\"@id\":\"https:\/\/www.velikaplanina.si\/en\/2024\/03\/04\/cablecar-and-chairlift-timetable\/#primaryimage\",\"url\":\"https:\/\/www.velikaplanina.si\/wp-content\/uploads\/2024\/03\/1000px.jpg\",\"contentUrl\":\"https:\/\/www.velikaplanina.si\/wp-content\/uploads\/2024\/03\/1000px.jpg\",\"width\":1000,\"height\":668},{\"@type\":\"BreadcrumbList\",\"@id\":\"https:\/\/www.velikaplanina.si\/en\/2024\/03\/04\/cablecar-and-chairlift-timetable\/#breadcrumb\",\"itemListElement\":[{\"@type\":\"ListItem\",\"position\":1,\"name\":\"Home\",\"item\":\"https:\/\/www.velikaplanina.si\/en\/\"},{\"@type\":\"ListItem\",\"position\":2,\"name\":\"Cablecar and chairlift timetable\"}]},{\"@type\":\"WebSite\",\"@id\":\"https:\/\/www.velikaplanina.si\/en\/#website\",\"url\":\"https:\/\/www.velikaplanina.si\/en\/\",\"name\":\"Velika planina\",\"description\":\"Velika planina - Feel what matters!\",\"potentialAction\":[{\"@type\":\"SearchAction\",\"target\":{\"@type\":\"EntryPoint\",\"urlTemplate\":\"https:\/\/www.velikaplanina.si\/en\/?s={search_term_string}\"},\"query-input\":{\"@type\":\"PropertyValueSpecification\",\"valueRequired\":true,\"valueName\":\"search_term_string\"}}],\"inLanguage\":\"en-US\"},{\"@type\":\"Person\",\"@id\":\"https:\/\/www.velikaplanina.si\/en\/#\/schema\/person\/0be0974caa997dd8b3dcb309811a4aad\",\"name\":\"Taja Brinovec\",\"image\":{\"@type\":\"ImageObject\",\"inLanguage\":\"en-US\",\"@id\":\"https:\/\/www.velikaplanina.si\/en\/#\/schema\/person\/image\/\",\"url\":\"https:\/\/secure.gravatar.com\/avatar\/fdc3dcfb8eb2e720179bdaf5e952e408f20959dd17b6ed339ae464bf42b53f59?s=96&d=mm&r=g\",\"contentUrl\":\"https:\/\/secure.gravatar.com\/avatar\/fdc3dcfb8eb2e720179bdaf5e952e408f20959dd17b6ed339ae464bf42b53f59?s=96&d=mm&r=g\",\"caption\":\"Taja Brinovec\"},\"url\":\"https:\/\/www.velikaplanina.si\/en\/author\/taja\/\"}]}<\/script>\n<!-- \/ Yoast SEO plugin. -->","yoast_head_json":{"title":"Cablecar and chairlift timetable - Velika planina","robots":{"index":"index","follow":"follow","max-snippet":"max-snippet:-1","max-image-preview":"max-image-preview:large","max-video-preview":"max-video-preview:-1"},"canonical":"https:\/\/www.velikaplanina.si\/en\/2024\/03\/04\/cablecar-and-chairlift-timetable\/","og_locale":"en_US","og_type":"article","og_title":"Cablecar and chairlift timetable - Velika planina","og_description":"Dan\/day NIHALKA\u00a0\u00a0 | CABLECAR SEDE\u017dNICA | CHAIRLIFT Ponedeljek | Monday 8:00, 9:00, 10:00, 12:00, 14:00, 16:00 8:30, 10:30, 11:30, 12:30, 14:30, 15:30(\u0161estkrat dnevno \/ six times a day) Torek | Tuesday 8:00, 9:00, 10:00, 12:00, 14:00, 16:00 8:30, 10:30, 11:30, 12:30, 14:30, 15:30(\u0161estkrat dnevno \/ six times a day) Sreda | Wednesday 8:00, 9:00, 10:00,&hellip;","og_url":"https:\/\/www.velikaplanina.si\/en\/2024\/03\/04\/cablecar-and-chairlift-timetable\/","og_site_name":"Velika planina","article_published_time":"2024-03-04T08:36:48+00:00","article_modified_time":"2024-03-04T08:38:05+00:00","og_image":[{"width":1000,"height":668,"url":"https:\/\/www.velikaplanina.si\/wp-content\/uploads\/2024\/03\/1000px.jpg","type":"image\/jpeg"}],"author":"Taja Brinovec","twitter_card":"summary_large_image","twitter_misc":{"Written by":"Taja Brinovec","Est. reading time":"1 minute"},"schema":{"@context":"https:\/\/schema.org","@graph":[{"@type":"WebPage","@id":"https:\/\/www.velikaplanina.si\/en\/2024\/03\/04\/cablecar-and-chairlift-timetable\/","url":"https:\/\/www.velikaplanina.si\/en\/2024\/03\/04\/cablecar-and-chairlift-timetable\/","name":"Cablecar and chairlift timetable - Velika planina","isPartOf":{"@id":"https:\/\/www.velikaplanina.si\/en\/#website"},"primaryImageOfPage":{"@id":"https:\/\/www.velikaplanina.si\/en\/2024\/03\/04\/cablecar-and-chairlift-timetable\/#primaryimage"},"image":{"@id":"https:\/\/www.velikaplanina.si\/en\/2024\/03\/04\/cablecar-and-chairlift-timetable\/#primaryimage"},"thumbnailUrl":"https:\/\/www.velikaplanina.si\/wp-content\/uploads\/2024\/03\/1000px.jpg","datePublished":"2024-03-04T08:36:48+00:00","dateModified":"2024-03-04T08:38:05+00:00","author":{"@id":"https:\/\/www.velikaplanina.si\/en\/#\/schema\/person\/0be0974caa997dd8b3dcb309811a4aad"},"breadcrumb":{"@id":"https:\/\/www.velikaplanina.si\/en\/2024\/03\/04\/cablecar-and-chairlift-timetable\/#breadcrumb"},"inLanguage":"en-US","potentialAction":[{"@type":"ReadAction","target":["https:\/\/www.velikaplanina.si\/en\/2024\/03\/04\/cablecar-and-chairlift-timetable\/"]}]},{"@type":"ImageObject","inLanguage":"en-US","@id":"https:\/\/www.velikaplanina.si\/en\/2024\/03\/04\/cablecar-and-chairlift-timetable\/#primaryimage","url":"https:\/\/www.velikaplanina.si\/wp-content\/uploads\/2024\/03\/1000px.jpg","contentUrl":"https:\/\/www.velikaplanina.si\/wp-content\/uploads\/2024\/03\/1000px.jpg","width":1000,"height":668},{"@type":"BreadcrumbList","@id":"https:\/\/www.velikaplanina.si\/en\/2024\/03\/04\/cablecar-and-chairlift-timetable\/#breadcrumb","itemListElement":[{"@type":"ListItem","position":1,"name":"Home","item":"https:\/\/www.velikaplanina.si\/en\/"},{"@type":"ListItem","position":2,"name":"Cablecar and chairlift timetable"}]},{"@type":"WebSite","@id":"https:\/\/www.velikaplanina.si\/en\/#website","url":"https:\/\/www.velikaplanina.si\/en\/","name":"Velika planina","description":"Velika planina - Feel what matters!","potentialAction":[{"@type":"SearchAction","target":{"@type":"EntryPoint","urlTemplate":"https:\/\/www.velikaplanina.si\/en\/?s={search_term_string}"},"query-input":{"@type":"PropertyValueSpecification","valueRequired":true,"valueName":"search_term_string"}}],"inLanguage":"en-US"},{"@type":"Person","@id":"https:\/\/www.velikaplanina.si\/en\/#\/schema\/person\/0be0974caa997dd8b3dcb309811a4aad","name":"Taja Brinovec","image":{"@type":"ImageObject","inLanguage":"en-US","@id":"https:\/\/www.velikaplanina.si\/en\/#\/schema\/person\/image\/","url":"https:\/\/secure.gravatar.com\/avatar\/fdc3dcfb8eb2e720179bdaf5e952e408f20959dd17b6ed339ae464bf42b53f59?s=96&d=mm&r=g","contentUrl":"https:\/\/secure.gravatar.com\/avatar\/fdc3dcfb8eb2e720179bdaf5e952e408f20959dd17b6ed339ae464bf42b53f59?s=96&d=mm&r=g","caption":"Taja Brinovec"},"url":"https:\/\/www.velikaplanina.si\/en\/author\/taja\/"}]}},"_links":{"self":[{"href":"https:\/\/www.velikaplanina.si\/en\/wp-json\/wp\/v2\/posts\/15945","targetHints":{"allow":["GET"]}}],"collection":[{"href":"https:\/\/www.velikaplanina.si\/en\/wp-json\/wp\/v2\/posts"}],"about":[{"href":"https:\/\/www.velikaplanina.si\/en\/wp-json\/wp\/v2\/types\/post"}],"author":[{"embeddable":true,"href":"https:\/\/www.velikaplanina.si\/en\/wp-json\/wp\/v2\/users\/2"}],"replies":[{"embeddable":true,"href":"https:\/\/www.velikaplanina.si\/en\/wp-json\/wp\/v2\/comments?post=15945"}],"version-history":[{"count":1,"href":"https:\/\/www.velikaplanina.si\/en\/wp-json\/wp\/v2\/posts\/15945\/revisions"}],"predecessor-version":[{"id":15946,"href":"https:\/\/www.velikaplanina.si\/en\/wp-json\/wp\/v2\/posts\/15945\/revisions\/15946"}],"wp:featuredmedia":[{"embeddable":true,"href":"https:\/\/www.velikaplanina.si\/en\/wp-json\/wp\/v2\/media\/15939"}],"wp:attachment":[{"href":"https:\/\/www.velikaplanina.si\/en\/wp-json\/wp\/v2\/media?parent=15945"}],"wp:term":[{"taxonomy":"category","embeddable":true,"href":"https:\/\/www.velikaplanina.si\/en\/wp-json\/wp\/v2\/categories?post=15945"},{"taxonomy":"post_tag","embeddable":true,"href":"https:\/\/www.velikaplanina.si\/en\/wp-json\/wp\/v2\/tags?post=15945"}],"curies":[{"name":"wp","href":"https:\/\/api.w.org\/{rel}","templated":true}]}}